{"id":12009,"date":"2025-05-19T13:23:59","date_gmt":"2025-05-19T16:23:59","guid":{"rendered":"https:\/\/redelucymontoro.org.br\/site\/?p=12009"},"modified":"2025-05-19T13:24:00","modified_gmt":"2025-05-19T16:24:00","slug":"pesquisadores-da-usp-visitam-imrea-para-conhecer-nova-tecnologia-de-reabilitacao","status":"publish","type":"post","link":"https:\/\/redelucymontoro.org.br\/site\/pesquisadores-da-usp-visitam-imrea-para-conhecer-nova-tecnologia-de-reabilitacao\/","title":{"rendered":"Pesquisadores da USP visitam IMREA para conhecer nova tecnologia de reabilita\u00e7\u00e3o"},"content":{"rendered":"\n<p>No \u00faltimo dia 6 de maio, o Instituto de Medicina F\u00edsica e Reabilita\u00e7\u00e3o (IMREA) da Vila Mariana recebeu a visita de uma equipe de pesquisadores do Centro de Tecnologia Assistiva para Atividades da Vida Di\u00e1ria (CTEVIDA), da Escola Polit\u00e9cnica da USP e da Escola de Engenharia de S\u00e3o Carlos. O grupo foi liderado pelo Prof. Dr. Arturo Forner Cordero (Poli\/USP) e pelo Prof. Dr. Adriano Arouck de Ara\u00fajo (Engenharia S\u00e3o Carlos).<\/p>\n\n\n\n<p>O principal objetivo da visita foi conhecer o exoesqueleto, uma tecnologia inovadora que chegou ao IMREA em 2023, dispon\u00edvel em tr\u00eas vers\u00f5es \u2014 francesa, coreana e chinesa. Esta tecnologia \u00e9 destinada a auxiliar pacientes com dificuldades de mobilidade, especialmente aqueles que n\u00e3o possuem movimento dos membros inferiores.<\/p>\n\n\n\n<p>Os pesquisadores buscam desenvolver um modelo brasileiro de exoesqueleto, adaptado \u00e0s necessidades locais, em parceria com o centro de pesquisas do IMREA. O projeto \u00e9 supervisionado pela Profa. Dra. Linamara Rizzo Battistella, Presidente do Conselho Diretor do IMREA, Professora Titular da Faculdade de Medicina da USP e Diretora do Centro Colaborador da OPAS\/OMS para Reabilita\u00e7\u00e3o e Tecnologias Assistivas.<\/p>\n\n\n\n<p>Durante a visita, o grupo foi recebido pelo Prof. Dr. Andr\u00e9 Sugawara, m\u00e9dico fisiatra e pesquisador do IMREA, que destacou a import\u00e2ncia da tecnologia para o processo de reabilita\u00e7\u00e3o. &#8220;O exoesqueleto n\u00e3o ser\u00e1 uma cura, mas \u00e9 um avan\u00e7o tecnol\u00f3gico consider\u00e1vel para pacientes com dificuldade de mobilidade que precisam adquirir for\u00e7a, equil\u00edbrio e melhora da funcionalidade&#8221;, afirmou.<\/p>\n\n\n\n<p>A visita refor\u00e7a o compromisso do IMREA em promover inova\u00e7\u00e3o e qualidade no atendimento a seus pacientes, al\u00e9m de fortalecer a colabora\u00e7\u00e3o cient\u00edfica com institui\u00e7\u00f5es de ensino e pesquisa.<\/p>\n\n\n\n<figure class=\"wp-block-gallery has-nested-images columns-default is-cropped wp-block-gallery-1 is-layout-flex wp-block-gallery-is-layout-flex\">\n<figure class=\"wp-block-image size-large\"><img fetchpriority=\"high\" decoding=\"async\" width=\"1024\" height=\"682\" data-id=\"12010\" src=\"https:\/\/redelucymontoro.org.br\/site\/wp-content\/uploads\/2025\/05\/pesquisadores-exo-2_Easy-Resize.com_-1024x682.jpg\" alt=\"\" class=\"wp-image-12010\" srcset=\"https:\/\/redelucymontoro.org.br\/site\/wp-content\/uploads\/2025\/05\/pesquisadores-exo-2_Easy-Resize.com_-1024x682.jpg 1024w, https:\/\/redelucymontoro.org.br\/site\/wp-content\/uploads\/2025\/05\/pesquisadores-exo-2_Easy-Resize.com_-300x200.jpg 300w, https:\/\/redelucymontoro.org.br\/site\/wp-content\/uploads\/2025\/05\/pesquisadores-exo-2_Easy-Resize.com_-768x512.jpg 768w, https:\/\/redelucymontoro.org.br\/site\/wp-content\/uploads\/2025\/05\/pesquisadores-exo-2_Easy-Resize.com_.jpg 1200w\" sizes=\"(max-width: 1024px) 100vw, 1024px\" \/><\/figure>\n<\/figure>\n","protected":false},"excerpt":{"rendered":"","protected":false},"author":10,"featured_media":0,"comment_status":"closed","ping_status":"closed","sticky":false,"template":"","format":"standard","meta":{"_acf_changed":false,"inline_featured_image":false,"footnotes":""},"categories":[9],"tags":[],"class_list":["post-12009","post","type-post","status-publish","format-standard","hentry","category-noticias"],"acf":[],"_links":{"self":[{"href":"https:\/\/redelucymontoro.org.br\/site\/wp-json\/wp\/v2\/posts\/12009","targetHints":{"allow":["GET"]}}],"collection":[{"href":"https:\/\/redelucymontoro.org.br\/site\/wp-json\/wp\/v2\/posts"}],"about":[{"href":"https:\/\/redelucymontoro.org.br\/site\/wp-json\/wp\/v2\/types\/post"}],"author":[{"embeddable":true,"href":"https:\/\/redelucymontoro.org.br\/site\/wp-json\/wp\/v2\/users\/10"}],"replies":[{"embeddable":true,"href":"https:\/\/redelucymontoro.org.br\/site\/wp-json\/wp\/v2\/comments?post=12009"}],"version-history":[{"count":1,"href":"https:\/\/redelucymontoro.org.br\/site\/wp-json\/wp\/v2\/posts\/12009\/revisions"}],"predecessor-version":[{"id":12011,"href":"https:\/\/redelucymontoro.org.br\/site\/wp-json\/wp\/v2\/posts\/12009\/revisions\/12011"}],"wp:attachment":[{"href":"https:\/\/redelucymontoro.org.br\/site\/wp-json\/wp\/v2\/media?parent=12009"}],"wp:term":[{"taxonomy":"category","embeddable":true,"href":"https:\/\/redelucymontoro.org.br\/site\/wp-json\/wp\/v2\/categories?post=12009"},{"taxonomy":"post_tag","embeddable":true,"href":"https:\/\/redelucymontoro.org.br\/site\/wp-json\/wp\/v2\/tags?post=12009"}],"curies":[{"name":"wp","href":"https:\/\/api.w.org\/{rel}","templated":true}]}}