{"id":11991,"date":"2025-05-08T10:44:06","date_gmt":"2025-05-08T13:44:06","guid":{"rendered":"https:\/\/redelucymontoro.org.br\/site\/?p=11991"},"modified":"2025-05-16T12:43:05","modified_gmt":"2025-05-16T15:43:05","slug":"congresso-de-reabilitacao","status":"publish","type":"post","link":"https:\/\/redelucymontoro.org.br\/site\/congresso-de-reabilitacao\/","title":{"rendered":"Participe do Congresso de Reabilita\u00e7\u00e3o"},"content":{"rendered":"\n<p>De 20 a 22 de maio, ir\u00e1 acontecer o Congresso de Reabilita\u00e7\u00e3o dentro da Feira Hospitalar.<\/p>\n\n\n\n<p>Confira a programa\u00e7\u00e3o neste link:<\/p>\n\n\n\n<p><a href=\"https:\/\/acesse.one\/1nVdZ\">https:\/\/acesse.one\/1nVdZ<\/a><\/p>\n\n\n\n<p>Fa\u00e7a sua inscri\u00e7\u00e3o no site da hospitalar:<\/p>\n\n\n\n<p><a href=\"https:\/\/www.hospitalar.com\/pt\/home.html\">HOME | Hospitalar 2025<\/a><\/p>\n\n\n\n<figure class=\"wp-block-image size-large is-resized\"><img fetchpriority=\"high\" decoding=\"async\" width=\"724\" height=\"1024\" src=\"https:\/\/redelucymontoro.org.br\/site\/wp-content\/uploads\/2025\/05\/Congresso-de-Reabilitacao-724x1024.png\" alt=\"\" class=\"wp-image-11992\" style=\"width:835px;height:auto\" srcset=\"https:\/\/redelucymontoro.org.br\/site\/wp-content\/uploads\/2025\/05\/Congresso-de-Reabilitacao-724x1024.png 724w, https:\/\/redelucymontoro.org.br\/site\/wp-content\/uploads\/2025\/05\/Congresso-de-Reabilitacao-212x300.png 212w, https:\/\/redelucymontoro.org.br\/site\/wp-content\/uploads\/2025\/05\/Congresso-de-Reabilitacao-768x1086.png 768w, https:\/\/redelucymontoro.org.br\/site\/wp-content\/uploads\/2025\/05\/Congresso-de-Reabilitacao.png 848w\" sizes=\"(max-width: 724px) 100vw, 724px\" \/><\/figure>\n\n\n\n<p><\/p>\n","protected":false},"excerpt":{"rendered":"","protected":false},"author":10,"featured_media":0,"comment_status":"closed","ping_status":"closed","sticky":false,"template":"","format":"standard","meta":{"_acf_changed":false,"inline_featured_image":false,"footnotes":""},"categories":[9],"tags":[],"class_list":["post-11991","post","type-post","status-publish","format-standard","hentry","category-noticias"],"acf":[],"_links":{"self":[{"href":"https:\/\/redelucymontoro.org.br\/site\/wp-json\/wp\/v2\/posts\/11991","targetHints":{"allow":["GET"]}}],"collection":[{"href":"https:\/\/redelucymontoro.org.br\/site\/wp-json\/wp\/v2\/posts"}],"about":[{"href":"https:\/\/redelucymontoro.org.br\/site\/wp-json\/wp\/v2\/types\/post"}],"author":[{"embeddable":true,"href":"https:\/\/redelucymontoro.org.br\/site\/wp-json\/wp\/v2\/users\/10"}],"replies":[{"embeddable":true,"href":"https:\/\/redelucymontoro.org.br\/site\/wp-json\/wp\/v2\/comments?post=11991"}],"version-history":[{"count":4,"href":"https:\/\/redelucymontoro.org.br\/site\/wp-json\/wp\/v2\/posts\/11991\/revisions"}],"predecessor-version":[{"id":12007,"href":"https:\/\/redelucymontoro.org.br\/site\/wp-json\/wp\/v2\/posts\/11991\/revisions\/12007"}],"wp:attachment":[{"href":"https:\/\/redelucymontoro.org.br\/site\/wp-json\/wp\/v2\/media?parent=11991"}],"wp:term":[{"taxonomy":"category","embeddable":true,"href":"https:\/\/redelucymontoro.org.br\/site\/wp-json\/wp\/v2\/categories?post=11991"},{"taxonomy":"post_tag","embeddable":true,"href":"https:\/\/redelucymontoro.org.br\/site\/wp-json\/wp\/v2\/tags?post=11991"}],"curies":[{"name":"wp","href":"https:\/\/api.w.org\/{rel}","templated":true}]}}