{"id":11912,"date":"2025-04-10T16:01:23","date_gmt":"2025-04-10T19:01:23","guid":{"rendered":"https:\/\/redelucymontoro.org.br\/site\/?p=11912"},"modified":"2025-09-30T08:41:44","modified_gmt":"2025-09-30T11:41:44","slug":"internacoes-por-acidentes-com-moto-crescem-15-em-2024-no-brasil-radio-bandnews-fm","status":"publish","type":"post","link":"https:\/\/redelucymontoro.org.br\/site\/internacoes-por-acidentes-com-moto-crescem-15-em-2024-no-brasil-radio-bandnews-fm\/","title":{"rendered":"Interna\u00e7\u00f5es por acidentes com moto crescem 15% em 2024 no Brasil &#8211; R\u00e1dio BandNews FM"},"content":{"rendered":"\n<p>Ou\u00e7a a reportagem veiculada na R\u00e1dio BandNews FM<strong>, da Rede Bandeirantes,<\/strong>\u00a0sobre o aumento de acidentes com moto no Brasil, com entrevista do M\u00e9dico Fisiatra\u00a0Dr.\u00a0 Andr\u00e9 Sugawara.<\/p>\n\n\n\n<figure class=\"wp-block-embed is-type-video is-provider-youtube wp-block-embed-youtube wp-embed-aspect-16-9 wp-has-aspect-ratio\"><div class=\"wp-block-embed__wrapper\">\n<iframe title=\"Interna\u00e7\u00f5es por acidentes com moto crescem 15% em 2024 no Brasil\" width=\"1200\" height=\"675\" src=\"https:\/\/www.youtube.com\/embed\/pCxH8v3mEVA?feature=oembed\" frameborder=\"0\" allow=\"accelerometer; autoplay; clipboard-write; encrypted-media; gyroscope; picture-in-picture; web-share\" referrerpolicy=\"strict-origin-when-cross-origin\" allowfullscreen><\/iframe>\n<\/div><\/figure>\n","protected":false},"excerpt":{"rendered":"","protected":false},"author":11,"featured_media":0,"comment_status":"closed","ping_status":"closed","sticky":false,"template":"","format":"standard","meta":{"_acf_changed":false,"inline_featured_image":false,"footnotes":""},"categories":[10,54],"tags":[],"class_list":["post-11912","post","type-post","status-publish","format-standard","hentry","category-imprensa","category-lucy-na-midia"],"acf":[],"_links":{"self":[{"href":"https:\/\/redelucymontoro.org.br\/site\/wp-json\/wp\/v2\/posts\/11912","targetHints":{"allow":["GET"]}}],"collection":[{"href":"https:\/\/redelucymontoro.org.br\/site\/wp-json\/wp\/v2\/posts"}],"about":[{"href":"https:\/\/redelucymontoro.org.br\/site\/wp-json\/wp\/v2\/types\/post"}],"author":[{"embeddable":true,"href":"https:\/\/redelucymontoro.org.br\/site\/wp-json\/wp\/v2\/users\/11"}],"replies":[{"embeddable":true,"href":"https:\/\/redelucymontoro.org.br\/site\/wp-json\/wp\/v2\/comments?post=11912"}],"version-history":[{"count":1,"href":"https:\/\/redelucymontoro.org.br\/site\/wp-json\/wp\/v2\/posts\/11912\/revisions"}],"predecessor-version":[{"id":11913,"href":"https:\/\/redelucymontoro.org.br\/site\/wp-json\/wp\/v2\/posts\/11912\/revisions\/11913"}],"wp:attachment":[{"href":"https:\/\/redelucymontoro.org.br\/site\/wp-json\/wp\/v2\/media?parent=11912"}],"wp:term":[{"taxonomy":"category","embeddable":true,"href":"https:\/\/redelucymontoro.org.br\/site\/wp-json\/wp\/v2\/categories?post=11912"},{"taxonomy":"post_tag","embeddable":true,"href":"https:\/\/redelucymontoro.org.br\/site\/wp-json\/wp\/v2\/tags?post=11912"}],"curies":[{"name":"wp","href":"https:\/\/api.w.org\/{rel}","templated":true}]}}