{"id":1107,"date":"2019-07-23T11:46:26","date_gmt":"2019-07-23T11:46:26","guid":{"rendered":"https:\/\/situati.net.br\/new\/diretores-da-empresa-premium-care-visitam-as-unidades-da-rede-lucy-montoro\/"},"modified":"2024-04-02T21:20:52","modified_gmt":"2024-04-03T00:20:52","slug":"diretores-da-empresa-premium-care-visitam-as-unidades-da-rede-lucy-montoro","status":"publish","type":"post","link":"https:\/\/redelucymontoro.org.br\/site\/diretores-da-empresa-premium-care-visitam-as-unidades-da-rede-lucy-montoro\/","title":{"rendered":"Diretores da empresa Premium Care visitam as unidades da Rede Lucy Montoro"},"content":{"rendered":"<p>Nos dias 16 e 17 de julho, os diretores do grupo Premium Care &#8211; empresa que oferece resultados cl\u00ednicos nas \u00e1reas de reabilita\u00e7\u00e3o, longa perman\u00eancia e cuidados paliativos para pacientes de m\u00e9dia e alta complexidade &#8211; Alexandre Santini e Ademar Larine visitaram as unidades Vila Mariana e Morumbi da Rede de Reabilita\u00e7\u00e3o Lucy Montoro.<\/p>\n<p><!--more--><\/p>\n<p>Durante a visita, eles conheceram a infraestrutura dos atendimentos ambulatoriais e de interna\u00e7\u00e3o, bem como as tecnologias em rob\u00f3tica e neuromodula\u00e7\u00e3o voltadas \u00e0 reabilita\u00e7\u00e3o de pacientes com sequelas provenientes de les\u00f5es medulares e encef\u00e1licas.<\/p>\n<p>A visita dos diretores foi acompanhada pela presidente do Conselho Diretor do IMREA &#8211; Rede Lucy Montoro, Prof.\u00aa Dr.\u00aa Linamara Rizzo Battistella, pela gerente do servi\u00e7o de Hotelaria e Hospitalidade, Lucimara Soares, e pelo coordenador do Centro de Comunica\u00e7\u00e3o Institucional, M\u00e1urio Galera.<\/p>\n<p>&nbsp;<\/p>\n<p style=\"text-align: center;\"><img fetchpriority=\"high\" decoding=\"async\" class=\" size-full wp-image-1106\" src=\"https:\/\/redelucymontoro.org.br\/site\/wp-content\/uploads\/2019\/07\/foto_visita_premium-592.jpg\" alt=\"foto visita premium\" width=\"750\" height=\"563\" \/><\/p>\n","protected":false},"excerpt":{"rendered":"","protected":false},"author":2,"featured_media":1106,"comment_status":"closed","ping_status":"closed","sticky":false,"template":"","format":"standard","meta":{"_acf_changed":false,"inline_featured_image":false,"footnotes":""},"categories":[9],"tags":[],"class_list":["post-1107","post","type-post","status-publish","format-standard","has-post-thumbnail","hentry","category-noticias"],"acf":[],"_links":{"self":[{"href":"https:\/\/redelucymontoro.org.br\/site\/wp-json\/wp\/v2\/posts\/1107","targetHints":{"allow":["GET"]}}],"collection":[{"href":"https:\/\/redelucymontoro.org.br\/site\/wp-json\/wp\/v2\/posts"}],"about":[{"href":"https:\/\/redelucymontoro.org.br\/site\/wp-json\/wp\/v2\/types\/post"}],"author":[{"embeddable":true,"href":"https:\/\/redelucymontoro.org.br\/site\/wp-json\/wp\/v2\/users\/2"}],"replies":[{"embeddable":true,"href":"https:\/\/redelucymontoro.org.br\/site\/wp-json\/wp\/v2\/comments?post=1107"}],"version-history":[{"count":0,"href":"https:\/\/redelucymontoro.org.br\/site\/wp-json\/wp\/v2\/posts\/1107\/revisions"}],"wp:featuredmedia":[{"embeddable":true,"href":"https:\/\/redelucymontoro.org.br\/site\/wp-json\/wp\/v2\/media\/1106"}],"wp:attachment":[{"href":"https:\/\/redelucymontoro.org.br\/site\/wp-json\/wp\/v2\/media?parent=1107"}],"wp:term":[{"taxonomy":"category","embeddable":true,"href":"https:\/\/redelucymontoro.org.br\/site\/wp-json\/wp\/v2\/categories?post=1107"},{"taxonomy":"post_tag","embeddable":true,"href":"https:\/\/redelucymontoro.org.br\/site\/wp-json\/wp\/v2\/tags?post=1107"}],"curies":[{"name":"wp","href":"https:\/\/api.w.org\/{rel}","templated":true}]}}