{"id":1040,"date":"2019-03-27T18:04:41","date_gmt":"2019-03-27T18:04:41","guid":{"rendered":"https:\/\/situati.net.br\/new\/prof-dr-jorge-torgal-da-universidade-nova-de-lisboa-visita-a-rede-lucy-montoro\/"},"modified":"2024-04-02T21:20:52","modified_gmt":"2024-04-03T00:20:52","slug":"prof-dr-jorge-torgal-da-universidade-nova-de-lisboa-visita-a-rede-lucy-montoro","status":"publish","type":"post","link":"https:\/\/redelucymontoro.org.br\/site\/prof-dr-jorge-torgal-da-universidade-nova-de-lisboa-visita-a-rede-lucy-montoro\/","title":{"rendered":"Prof. Dr. Jorge Torgal, da Universidade Nova de Lisboa, visita a Rede Lucy Montoro"},"content":{"rendered":"<p>O Instituto de Medicina F\u00edsica e Reabilita\u00e7\u00e3o (IMREA) da Vila Mariana recebeu, em 22 de mar\u00e7o, a visita do Dr. Jorge Torgal, professor catedr\u00e1tico da Nova Medical School &#8211; Faculdade de Ci\u00eancias M\u00e9dicas (NMS\/FCM) da Universidade Nova de Lisboa (UNL).<\/p>\n<p><!--more--><\/p>\n<p>Durante o tour institucional, ele visitou as \u00e1reas de reabilita\u00e7\u00e3o dos programas de ambulat\u00f3rio e interna\u00e7\u00e3o do IMREA, al\u00e9m de conhecer os avan\u00e7os cient\u00edficos e tratamentos em rob\u00f3tica e neuromodula\u00e7\u00e3o.<\/p>\n<p>A visita foi acompanhada pela Diretora Executiva do IMREA, Dra. Margarida Harumi Miyasaki, pela Terapeuta Ocupacional, Tha\u00eds Tavares Terranova e por profissionais da equipe de Comunica\u00e7\u00e3o Institucional.<\/p>\n<p>Ap\u00f3s a visita, o professor participou de uma reuni\u00e3o com a Dra. Linamara Rizzo Battistella, presidente do Conselho Diretor do IMREA &#8211; Rede Lucy Montoro, e professora titular do Departamento de Medicina Legal, \u00c9tica M\u00e9dica, Medicina Social e do Trabalho da Faculdade de Medicina da Universidade de S\u00e3o Paulo (USP).<\/p>\n<p><img fetchpriority=\"high\" decoding=\"async\" class=\" size-full wp-image-1039\" src=\"https:\/\/redelucymontoro.org.br\/site\/wp-content\/uploads\/2019\/03\/VisitaUniversidadeLisboa-9ae.jpg\" alt=\"VisitaUniversidadeLisboa\" width=\"700\" height=\"525\" \/><\/p>\n","protected":false},"excerpt":{"rendered":"","protected":false},"author":2,"featured_media":1039,"comment_status":"closed","ping_status":"closed","sticky":false,"template":"","format":"standard","meta":{"_acf_changed":false,"inline_featured_image":false,"footnotes":""},"categories":[9],"tags":[],"class_list":["post-1040","post","type-post","status-publish","format-standard","has-post-thumbnail","hentry","category-noticias"],"acf":[],"_links":{"self":[{"href":"https:\/\/redelucymontoro.org.br\/site\/wp-json\/wp\/v2\/posts\/1040","targetHints":{"allow":["GET"]}}],"collection":[{"href":"https:\/\/redelucymontoro.org.br\/site\/wp-json\/wp\/v2\/posts"}],"about":[{"href":"https:\/\/redelucymontoro.org.br\/site\/wp-json\/wp\/v2\/types\/post"}],"author":[{"embeddable":true,"href":"https:\/\/redelucymontoro.org.br\/site\/wp-json\/wp\/v2\/users\/2"}],"replies":[{"embeddable":true,"href":"https:\/\/redelucymontoro.org.br\/site\/wp-json\/wp\/v2\/comments?post=1040"}],"version-history":[{"count":0,"href":"https:\/\/redelucymontoro.org.br\/site\/wp-json\/wp\/v2\/posts\/1040\/revisions"}],"wp:featuredmedia":[{"embeddable":true,"href":"https:\/\/redelucymontoro.org.br\/site\/wp-json\/wp\/v2\/media\/1039"}],"wp:attachment":[{"href":"https:\/\/redelucymontoro.org.br\/site\/wp-json\/wp\/v2\/media?parent=1040"}],"wp:term":[{"taxonomy":"category","embeddable":true,"href":"https:\/\/redelucymontoro.org.br\/site\/wp-json\/wp\/v2\/categories?post=1040"},{"taxonomy":"post_tag","embeddable":true,"href":"https:\/\/redelucymontoro.org.br\/site\/wp-json\/wp\/v2\/tags?post=1040"}],"curies":[{"name":"wp","href":"https:\/\/api.w.org\/{rel}","templated":true}]}}